{"id":155,"date":"2012-02-01T14:26:52","date_gmt":"2012-02-01T13:26:52","guid":{"rendered":"http:\/\/blog.artleder.pl\/?p=155"},"modified":"2012-02-01T14:26:52","modified_gmt":"2012-02-01T13:26:52","slug":"eko-skora-nie-eko","status":"publish","type":"post","link":"https:\/\/blog.artleder.pl\/?p=155","title":{"rendered":"EKO-SK\u00d3RA  NIE EKO?"},"content":{"rendered":"<p>Powoli acz systematycznie zacz\u0119li\u015bmy przyzwyczaja\u0107 si\u0119 do dbania o miejsce, w kt\u00f3rym \u017cyjemy. Zacz\u0119li\u015bmy segregowa\u0107 odpadki, nauczyli\u015bmy si\u0119 u\u017cywa\u0107 opakowania zast\u0119pcze, do \u0142ask powr\u00f3ci\u0142y szklane butelki i wielorazowe torby na zakupy. Gdzie\u015b do \u015bwiadomo\u015bci spo\u0142ecznej przenikn\u0119\u0142y dobre eko-nawyki. Wzros\u0142a te\u017c liczba wegetarian lub wegan\u00f3w.<br \/>\nJak w tej nowej rzeczywisto\u015bci traktowa\u0107 wyroby ze sk\u00f3ry naturalnej czyli odzwierz\u0119cej? I czy tak zwana <a title=\"ARTLEDER - Producent  galanterii sk\u00f3rzanej\" href=\"http:\/\/artleder.pl\" target=\"_blank\">sk\u00f3ra ekologiczna<\/a> jest naprawd\u0119 tak dobra dla \u015brodowiska?<a href=\"http:\/\/blog.artleder.pl\/?attachment_id=158\" rel=\"attachment wp-att-158\"><img loading=\"lazy\" decoding=\"async\" class=\"alignleft size-medium wp-image-158\" title=\"600px-Ski_trail_rating_symbol-green_circle_svg\" src=\"http:\/\/blog.artleder.pl\/wp-content\/uploads\/2012\/02\/600px-Ski_trail_rating_symbol-green_circle_svg1-300x293.png\" alt=\"\" width=\"300\" height=\"293\" srcset=\"https:\/\/blog.artleder.pl\/wp-content\/uploads\/2012\/02\/600px-Ski_trail_rating_symbol-green_circle_svg1-300x293.png 300w, https:\/\/blog.artleder.pl\/wp-content\/uploads\/2012\/02\/600px-Ski_trail_rating_symbol-green_circle_svg1.png 513w\" sizes=\"(max-width: 300px) 100vw, 300px\" \/><\/a><\/p>\n<p>&nbsp;<\/p>\n<p>&nbsp;<\/p>\n<p>Portal <a title=\"zapraszamy na nasz\u0105 stron\u0119\" href=\"http:\/\/artleder.pl\/sklep1\/\" target=\"_blank\">&#8222;Wikipedia&#8221;<\/a> definiuje eko-sk\u00f3r\u0119 nast\u0119puj\u0105co:<\/p>\n<p>Skaj (skay, derma, dermatoid, eko-sk\u00f3ra, sk\u00f3ra ekologiczna, sztuczna sk\u00f3ra) &#8211; materia\u0142 b\u0119d\u0105cy imitacj\u0105 sk\u00f3ry naturalnej. Jest to tkanina poliestrowa pokryta warstw\u0105 plastyfikowanego polichlorku winylu Powierzchnia tego materia\u0142u mo\u017ce mie\u0107 tak\u0105 faktur\u0119 by przypomina\u0142a np. sk\u00f3r\u0119\u00a0 zwierz\u0119c\u0105.<\/p>\n<p>Niestety, ta definicja ca\u0142kowicie obna\u017ca nie ekologiczno\u015b\u0107 skaju. Materia\u0142 wyprodukowany chemicznie, w ca\u0142o\u015bci sztuczny, syntetyczny i&#8230; nie biodegradowalny!!! Wykorzystywany w produkcji galanterii sk\u00f3rzanej, w kaletnictwie i rymarstwie, r\u00f3wnie\u017c tapicerstwie pozwala uzyska\u0107 ni\u017csz\u0105 cen\u0119 produktu, gdy\u017c jest nierzadko <a title=\"Sklep firmy ARTLEDER\" href=\"http:\/\/artleder.com\" target=\"_blank\">kilkunastokrotnie<\/a> ta\u0144szy od sk\u00f3ry naturalnej.<br \/>\nDodatkowo jest te\u017c du\u017co mniej wytrzyma\u0142y i jak wielu z nas ju\u017c mia\u0142o nieprzyjemno\u015b\u0107 do\u015bwiadczy\u0107, szybko l\u0105duje w koszu! A co dalej? No w\u0142a\u015bnie, dalej to ju\u017c setki, setki lat rozk\u0142adu.*<\/p>\n<p>Podsumowuj\u0105c, nie tylko kupujemy materia\u0142 sztuczny, kt\u00f3ry d\u0142ugo b\u0119dzie zalega\u0142 na wysypisku, ale dodatkowo kupujemy go znacznie cz\u0119\u015bciej ni\u017c jego naturalny substytut, kt\u00f3ry wytrzymuje kilka, a nawet kilkadziesi\u0105t lat i rozk\u0142ada si\u0119 szybko, jako produkt naturalny.<\/p>\n<p>Ale czy mo\u017cna sk\u00f3r\u0119 naturaln\u0105 uzna\u0107 za ekologiczn\u0105? Przecie\u017c ten odzwierz\u0119cy materia\u0142 jest&#8230; no w\u0142a\u015bnie, martwym zwierzakiem! Czy kupuj\u0105c takie produkty stajemy si\u0119 po cz\u0119\u015bci mordercami?<\/p>\n<p>W przypadku sk\u00f3r bydl\u0119cych czy \u015bwi\u0144skich zwierz\u0119ta hodowane s\u0105 na mi\u0119so, a pozyskana sk\u00f3ra jest tylko dodatkiem i stanowi nik\u0142\u0105 cz\u0119\u015b\u0107 zarobku hodowcy. Tak wi\u0119c w tym przypadku decyzja o u\u017cywaniu produkt\u00f3w wykonanych z takich sk\u00f3r jest nieod\u0142\u0105cznie powi\u0105zana z faktem, czy jemy mi\u0119so czy te\u017c nie. Je\u015bli jeste\u015bmy mi\u0119so\u017cercami, ale wyroby z tego typu sk\u00f3r naturalnych jawi\u0105 nam si\u0119 jako skrajny przyk\u0142ad okrucie\u0144stwa&#8230; to niestety, ta ideologia idzie si\u0119 ekonomicznie pa\u015b\u0107.<\/p>\n<p>Inaczej sprawa wygl\u0105da w przypadku zwierz\u0105t hodowanych dla sk\u00f3r tudzie\u017c futer [norki, szynszyle], czy te\u017c jeszcze gorzej &#8211; zabijanych dzikich stworze\u0144 na mufki, na buty&#8230; W naszej pracowni nie przyk\u0142adamy r\u0119ki do takich produkcji. Zdarzy\u0142o nam si\u0119 mie\u0107 propozycj\u0119 uszycia torby z krokodyla. Odm\u00f3wili\u015bmy. Niestety, obawiamy si\u0119, \u017ce nasza odmowa nic nie da\u0142a i \u00f3w krokodyl ju\u017c by\u0142 &#8222;do produkcji przygotowany&#8221;.<\/p>\n<p>* w u\u017cyciu medycznym znajduje si\u0119 ju\u017c poliester z kwasu mlekowego, kt\u00f3ry rozk\u0142ada si\u0119 ju\u017c do roku czasu, jednak ze wzgl\u0119du na wysok\u0105 cen\u0119 nie jest wykorzystywany w przemy\u015ble odzie\u017cowym i galanteryjnym. Je\u015bli zatem kto\u015b ceni sobie ekonawyki, a przekonania odstr\u0119czaj\u0105 go od zakupu przyjaznej \u015brodowisku sk\u00f3ry naturalnej, pozostaj\u0105 jedynie len, we\u0142na, bawe\u0142na i jedwab.<\/p>\n","protected":false},"excerpt":{"rendered":"<p>Powoli acz systematycznie zacz\u0119li\u015bmy przyzwyczaja\u0107 si\u0119 do dbania o miejsce, w kt\u00f3rym \u017cyjemy. Zacz\u0119li\u015bmy segregowa\u0107 odpadki, nauczyli\u015bmy si\u0119 u\u017cywa\u0107 opakowania zast\u0119pcze, do \u0142ask powr\u00f3ci\u0142y szklane butelki i wielorazowe torby na zakupy. Gdzie\u015b do \u015bwiadomo\u015bci spo\u0142ecznej przenikn\u0119\u0142y dobre eko-nawyki. Wzros\u0142a te\u017c liczba wegetarian lub wegan\u00f3w. Jak w tej nowej rzeczywisto\u015bci traktowa\u0107 wyroby ze sk\u00f3ry naturalnej czyli &#8230; <a title=\"EKO-SK\u00d3RA  NIE EKO?\" class=\"read-more\" href=\"https:\/\/blog.artleder.pl\/?p=155\" aria-label=\"Read more about EKO-SK\u00d3RA  NIE EKO?\">Dowiedz si\u0119 wi\u0119cej<\/a><\/p>\n","protected":false},"author":1,"featured_media":0,"comment_status":"open","ping_status":"open","sticky":false,"template":"","format":"standard","meta":{"footnotes":""},"categories":[4,1],"tags":[],"_links":{"self":[{"href":"https:\/\/blog.artleder.pl\/index.php?rest_route=\/wp\/v2\/posts\/155"}],"collection":[{"href":"https:\/\/blog.artleder.pl\/index.php?rest_route=\/wp\/v2\/posts"}],"about":[{"href":"https:\/\/blog.artleder.pl\/index.php?rest_route=\/wp\/v2\/types\/post"}],"author":[{"embeddable":true,"href":"https:\/\/blog.artleder.pl\/index.php?rest_route=\/wp\/v2\/users\/1"}],"replies":[{"embeddable":true,"href":"https:\/\/blog.artleder.pl\/index.php?rest_route=%2Fwp%2Fv2%2Fcomments&post=155"}],"version-history":[{"count":2,"href":"https:\/\/blog.artleder.pl\/index.php?rest_route=\/wp\/v2\/posts\/155\/revisions"}],"predecessor-version":[{"id":163,"href":"https:\/\/blog.artleder.pl\/index.php?rest_route=\/wp\/v2\/posts\/155\/revisions\/163"}],"wp:attachment":[{"href":"https:\/\/blog.artleder.pl\/index.php?rest_route=%2Fwp%2Fv2%2Fmedia&parent=155"}],"wp:term":[{"taxonomy":"category","embeddable":true,"href":"https:\/\/blog.artleder.pl\/index.php?rest_route=%2Fwp%2Fv2%2Fcategories&post=155"},{"taxonomy":"post_tag","embeddable":true,"href":"https:\/\/blog.artleder.pl\/index.php?rest_route=%2Fwp%2Fv2%2Ftags&post=155"}],"curies":[{"name":"wp","href":"https:\/\/api.w.org\/{rel}","templated":true}]}}