{"id":220,"date":"2013-04-17T15:50:09","date_gmt":"2013-04-17T13:50:09","guid":{"rendered":"http:\/\/blog.artleder.pl\/?p=220"},"modified":"2016-09-07T23:11:19","modified_gmt":"2016-09-07T21:11:19","slug":"jak-rozpoznac-sztuczna-skore","status":"publish","type":"post","link":"https:\/\/blog.artleder.pl\/?p=220","title":{"rendered":"JAK ROZPOZNA\u0106 SZTUCZN\u0104 SK\u00d3R\u0118?"},"content":{"rendered":"<p>\n\t&nbsp;\n<\/p>\n<p style=\"margin-bottom: 0cm;\">\n\tZima w ko\u0144cu nas opu\u015bci\u0142a i zacz\u0105\u0142 si\u0119 kolejny sezon &#8211; dla wielu z was jest to czas na nowe zakupy i od\u015bwie\u017cenie garderoby oraz dodatk&oacute;w, w tym <a href=\"http:\/\/www.artleder.pl\/\" target=\"_blank\" title=\"Artleder - Polski producent galanterii sk\u00f3rzanej\">galanterii sk&oacute;rzanej<\/a>. Jak zatem ustrzec si\u0119 przed felernym zakupem bubla, kt&oacute;ry by\u0107 mo\u017ce nie dotrwa\u0107 nawet do ko\u0144ca sezonu?\n<\/p>\n<p style=\"margin-bottom: 0cm;\">\n\t<a href=\"http:\/\/blog.artleder.pl\/wp-content\/uploads\/2013\/04\/97215_1.jpg\"><img loading=\"lazy\" decoding=\"async\" alt=\"ARTLEDER produkcja galanterii sk\u00f3rzanej\" class=\"alignleft size-full wp-image-221\" height=\"500\" src=\"http:\/\/blog.artleder.pl\/wp-content\/uploads\/2013\/04\/97215_1.jpg\" width=\"971\" srcset=\"https:\/\/blog.artleder.pl\/wp-content\/uploads\/2013\/04\/97215_1.jpg 971w, https:\/\/blog.artleder.pl\/wp-content\/uploads\/2013\/04\/97215_1-300x154.jpg 300w\" sizes=\"(max-width: 971px) 100vw, 971px\" \/><\/a>\n<\/p>\n<p style=\"margin-bottom: 0cm;\">\n\t&nbsp;Przypominamy wam zatem nasz artyku\u0142 o kupowaniu sk&oacute;ry &#8211; <span style=\"color: #4700b8;\">http:\/\/blog.artleder.pl\/?p=1<\/span> . Znajdziecie tam kilka przydatnych informacji na co zwr&oacute;ci\u0107 uwag\u0119, bez konieczno\u015bci podpalania produktu [tego mog\u0142aby nie zrozumie\u0107 ochrona sklepu] \ud83d\ude42\n<\/p>\n<p style=\"margin-bottom: 0cm;\">\n\tPrzypominamy nasz dekalog kupowania \ud83d\ude09\n<\/p>\n<p>\n\t&nbsp;\n<\/p>\n<p style=\"margin-bottom: 0cm;\">\n\t1. brak widocznych ods\u0142oni\u0119tych kant&oacute;w lub brak widocznego spodu sk&oacute;ry.\n<\/p>\n<p>\n\t&nbsp;\n<\/p>\n<p style=\"margin-bottom: 0cm;\">\n\t2. kanty zamalowane w spos&oacute;b bardzo g\u0142adki ,&quot;gumowaty&quot;, nie pozwalaj\u0105cy na rozpoznanie ilo\u015bci warstw.\n<\/p>\n<p>\n\t&nbsp;\n<\/p>\n<p style=\"margin-bottom: 0cm;\">\n\t3. materia\u0142 idealny pod wzgl\u0119dem faktury, koloru, wzoru &#8211; tu mo\u017cemy mie\u0107 sk&oacute;r\u0119 t\u0142oczon\u0105, ale wtedy zawsze znajdzie si\u0119 jakie\u015b miejsce r&oacute;\u017cni\u0105ce si\u0119 od reszty [z kolei sk&oacute;ra powlekana czyli po\u0142\u0105czenie sk&oacute;ry naturalnej i pow\u0142oki z plastiku tez nie jest dobrym rozwi\u0105zaniem].\n<\/p>\n<p>\n\t&nbsp;\n<\/p>\n<p style=\"margin-bottom: 0cm;\">\n\t4. zbyt niska cena &#8211; pasek za 9,99z\u0142 czy torba za 54z\u0142 raczej nie s\u0105 ze sk&oacute;ry naturalnej.\n<\/p>\n<p>\n\t&nbsp;\n<\/p>\n<p style=\"margin-bottom: 0cm;\">\n\t5. na metce mamy informacje typu: &quot;zawiera sk&oacute;r\u0119 naturaln\u0105&quot;, &quot;w sk\u0142ad wchodzi sk&oacute;ra naturalna&quot;, itp.\n<\/p>\n<p>\n\t&nbsp;\n<\/p>\n<p style=\"margin-bottom: 0cm;\">\n\t6. przepisy m&oacute;wi\u0105, \u017ce je\u015bli w produkcie tylko cz\u0119\u015b\u0107 stanowi sk&oacute;ra naturalna sprzedawca ma ju\u017c prawo do zamieszczenia informacji o tym, jakoby produkt by\u0142 sk&oacute;rzany. ZAWSZE PYTAJMY W JAKIM PROCENCIE ZAWIERA <a href=\"http:\/\/artleder.pl\/sklep1\/\" target=\"_blank\" title=\"Artleder-producent galanterii sk\u00f3rzanej - sklep2\">SK&Oacute;R\u0118 NATURALN\u0104<\/a>? Na to pytanie musi ju\u017c odpowiedzie\u0107 dok\u0142adnie.\n<\/p>\n<p>\n\t&nbsp;\n<\/p>\n<p style=\"margin-bottom: 0cm;\">\n\t7. pytajmy z jakiej sk&oacute;ry wykonano produkt [dwoina, lico,<a href=\"http:\/\/www.artleder.com\" target=\"_blank\" title=\"Artleder-producent galanterii sk\u00f3rzanej - sklep1\"> sk&oacute;ra<\/a> ciel\u0119ca, bydl\u0119ca, \u015bwi\u0144ska, jucht, nubuk..etc.] &#8211; brak znajomo\u015bci surowca zasugeruje nam, \u017ce produkt jest syntetykiem.\n<\/p>\n<p>\n\t&nbsp;\n<\/p>\n<p style=\"margin-bottom: 0cm;\">\n\t8. waga &#8211; zw\u0142aszcza w torbach czy teczkach &#8211; produkt ze sztucznej sk&oacute;ry jest zazwyczaj l\u017cejszy, nawet od tych ze sk&oacute;rek cienkich, ciel\u0119cych [kt&oacute;re zreszt\u0105 stosuje si\u0119 g\u0142&oacute;wnie do r\u0119kawiczek czy portfelik&oacute;w]. Torba wa\u017c\u0105ca 30dkg raczej sk&oacute;ry &quot;na oczy nie widzia\u0142a&quot; ;\/\n<\/p>\n<p>\n\t&nbsp;\n<\/p>\n<p style=\"margin-bottom: 0cm;\">\n\t9. pytajmy o metody konserwacji &#8211; sugestia przecierania wilgotn\u0105 od WODY szmatk\u0105 to otwarte przyznanie si\u0119 do fa\u0142szu. Syntetyki lubi\u0105 wod\u0119 i spraye, sk&oacute;ra t\u0142uszcz &#8211; oliwki i pasty. Wyj\u0105tek stanowi\u0105 sk&oacute;ry zamszowe, kt&oacute;re nale\u017cy czy\u015bci\u0107 mi\u0119kk\u0105 szczoteczk\u0105.\n<\/p>\n<p>\n\t&nbsp;\n<\/p>\n<p style=\"margin-bottom: 0cm;\">\n\t10. PAMI\u0118TAJ, TOWAR ZAWSZE MO\u017bESZ ZWR&Oacute;CI\u0106, JE\u015aLI NIE JEST TYM CO CI ZASUGEROWANO PRZY SPRZEDA\u017bY!\n<\/p>\n<p>\n\t&nbsp;<\/p>\n","protected":false},"excerpt":{"rendered":"<p>&nbsp; Zima w ko\u0144cu nas opu\u015bci\u0142a i zacz\u0105\u0142 si\u0119 kolejny sezon &#8211; dla wielu z was jest to czas na nowe zakupy i od\u015bwie\u017cenie garderoby oraz dodatk&oacute;w, w tym galanterii sk&oacute;rzanej. Jak zatem ustrzec si\u0119 przed felernym zakupem bubla, kt&oacute;ry by\u0107 mo\u017ce nie dotrwa\u0107 nawet do ko\u0144ca sezonu? &nbsp;Przypominamy wam zatem nasz artyku\u0142 o kupowaniu &#8230; <a title=\"JAK ROZPOZNA\u0106 SZTUCZN\u0104 SK\u00d3R\u0118?\" class=\"read-more\" href=\"https:\/\/blog.artleder.pl\/?p=220\" aria-label=\"Read more about JAK ROZPOZNA\u0106 SZTUCZN\u0104 SK\u00d3R\u0118?\">Dowiedz si\u0119 wi\u0119cej<\/a><\/p>\n","protected":false},"author":1,"featured_media":0,"comment_status":"open","ping_status":"open","sticky":false,"template":"","format":"standard","meta":{"footnotes":""},"categories":[1],"tags":[],"_links":{"self":[{"href":"https:\/\/blog.artleder.pl\/index.php?rest_route=\/wp\/v2\/posts\/220"}],"collection":[{"href":"https:\/\/blog.artleder.pl\/index.php?rest_route=\/wp\/v2\/posts"}],"about":[{"href":"https:\/\/blog.artleder.pl\/index.php?rest_route=\/wp\/v2\/types\/post"}],"author":[{"embeddable":true,"href":"https:\/\/blog.artleder.pl\/index.php?rest_route=\/wp\/v2\/users\/1"}],"replies":[{"embeddable":true,"href":"https:\/\/blog.artleder.pl\/index.php?rest_route=%2Fwp%2Fv2%2Fcomments&post=220"}],"version-history":[{"count":2,"href":"https:\/\/blog.artleder.pl\/index.php?rest_route=\/wp\/v2\/posts\/220\/revisions"}],"predecessor-version":[{"id":340,"href":"https:\/\/blog.artleder.pl\/index.php?rest_route=\/wp\/v2\/posts\/220\/revisions\/340"}],"wp:attachment":[{"href":"https:\/\/blog.artleder.pl\/index.php?rest_route=%2Fwp%2Fv2%2Fmedia&parent=220"}],"wp:term":[{"taxonomy":"category","embeddable":true,"href":"https:\/\/blog.artleder.pl\/index.php?rest_route=%2Fwp%2Fv2%2Fcategories&post=220"},{"taxonomy":"post_tag","embeddable":true,"href":"https:\/\/blog.artleder.pl\/index.php?rest_route=%2Fwp%2Fv2%2Ftags&post=220"}],"curies":[{"name":"wp","href":"https:\/\/api.w.org\/{rel}","templated":true}]}}